{"id":1624,"date":"2023-06-27T17:46:56","date_gmt":"2023-06-27T17:46:56","guid":{"rendered":"https:\/\/artexas1.wpenginepowered.com\/un-impulso-a-la-competitividad-economica-de-texas\/"},"modified":"2023-06-30T21:00:14","modified_gmt":"2023-06-30T21:00:14","slug":"un-impulso-a-la-competitividad-economica-de-texas","status":"publish","type":"post","link":"https:\/\/artexas.org\/es\/un-impulso-a-la-competitividad-economica-de-texas\/","title":{"rendered":"Un impulso a la competitividad econ\u00f3mica de Texas"},"content":{"rendered":"<div class=\"wpb-content-wrapper\" id=\"wpb-content-root\">[vc_row css=\u00bb.vc_custom_1680629327770{padding-top: 2rem !important;padding-bottom: 2rem !important;}\u00bb][vc_column][vc_column_text]\n<h2><strong>Atraer inversiones multimillonarias<\/strong><\/h2>\n<hr>\n<p><span style=\"font-weight: 400;\">La semana pasada, la C\u00e1mara de Representantes de Texas, dirigida por los republicanos, aprob\u00f3 el proyecto de ley 5. Este programa pretende establecer un plan estatal de desarrollo econ\u00f3mico para mantener la competitividad de Texas en el mercado mundial. El representante Todd Hunter (republicano de Corpus Christi), autor del proyecto de ley 5, declar\u00f3 que \u00abya no competimos con otros estados y naciones. Estamos compitiendo en todo el mundo&#8230; Esto va a ser b\u00e1sicamente una herramienta de desarrollo econ\u00f3mico para seguir atrayendo inversiones a Texas. \u00bb <\/span><\/p>\n<p><span style=\"font-weight: 400;\">El Presidente de la C\u00e1mara de Representantes, Dade Phelan, tambi\u00e9n se pronunci\u00f3 al respecto: \u00abCon la Ley de Empleo y Seguridad de Texas, Texas se beneficia de una valiosa herramienta de desarrollo econ\u00f3mico que crear\u00e1 m\u00e1s puestos de trabajo, inversiones e ingresos fiscales en nuestro Estado, que crece r\u00e1pidamente.\u00bb <\/span><\/p>\n<p><span style=\"font-weight: 400;\">El proyecto de ley pretende atraer proyectos de seguridad nacional y estatal, infraestructuras de la cadena de suministro, fabricaci\u00f3n, fiabilidad de la red el\u00e9ctrica y otras iniciativas que requieran una inversi\u00f3n en un distrito escolar de Texas superior a 1.000 millones de d\u00f3lares. La Ley de Empleo y Seguridad de Texas tambi\u00e9n supondr\u00eda un alivio fiscal para las comunidades que decidan firmar acuerdos. Cuando estas propiedades de inversi\u00f3n pasen a engrosar las listas de contribuyentes, los tipos del impuesto sobre bienes inmuebles se comprimir\u00e1n, lo que supondr\u00e1 un alivio para los propietarios de viviendas y otros bienes inmuebles de la comunidad. <\/span><\/p>\n<p><span style=\"font-weight: 400;\">Adem\u00e1s, la Ley de la C\u00e1mara 5 incluye s\u00f3lidas disposiciones sobre transparencia y rendici\u00f3n de cuentas. El proyecto de ley del diputado Hunter obligar\u00eda a las empresas que participen en el programa a comunicar el importe de la inversi\u00f3n, el n\u00famero de puestos de trabajo creados, los salarios pagados y otros datos al Interventor de Cuentas P\u00fablicas de Texas, mientras que los distritos escolares corroborar\u00edan los pagos que reciben de las empresas. <\/span><\/p>\n<p><span style=\"font-weight: 400;\">La Proposici\u00f3n de Ley 5 es un programa a favor del contribuyente y del empleo que incentiva a las industrias manufacturera, tecnol\u00f3gica, energ\u00e9tica y sanitaria para que inviertan en el futuro de Texas durante generaciones. <\/span><\/p>\n<p><span style=\"font-weight: 400;\">Recientemente, una amplia coalici\u00f3n de l\u00edderes expres\u00f3 su apoyo a la Ley 5 de la C\u00e1mara de Representantes. En una carta publicada el mes pasado, 255 c\u00e1maras de comercio, consejos de desarrollo econ\u00f3mico y otras organizaciones empresariales declararon: \u00abDurante el a\u00f1o pasado, Texas perdi\u00f3 varios acuerdos multimillonarios&#8230; Texas se arriesga a perder futuros puestos de trabajo, futuras inversiones y futuro crecimiento de la base impositiva si no reponemos nuestra caja de herramientas de desarrollo econ\u00f3mico con un nuevo incentivo de desarrollo econ\u00f3mico en esta sesi\u00f3n legislativa.\u00bb El proyecto de ley pas\u00f3 al Senado con el apoyo de 120 representantes de la C\u00e1mara de Texas. <\/span><\/p>\n<p><span style=\"font-weight: 400;\">La Presidenta de ART, Jamie McWright, declar\u00f3: \u00abLa aprobaci\u00f3n de la Ley 5 de la C\u00e1mara de Representantes ser\u00eda un paso importante para asegurar el futuro de Texas incentivando industrias clave y atrayendo grandes empresas a nuestro estado.\u00bb Continu\u00f3 afirmando c\u00f3mo \u00abeste proyecto de ley tiene el potencial de crear puestos de trabajo, generar actividad econ\u00f3mica y proporcionar ingresos fiscales a largo plazo para los servicios gubernamentales, especialmente las escuelas\u00bb. Es hora de que Texas tome la iniciativa para devolver el empleo y el crecimiento econ\u00f3mico a Estados Unidos\u00bb.<\/span><\/p>\n<p><br style=\"font-weight: 400;\"><br style=\"font-weight: 400;\"><br style=\"font-weight: 400;\">[\/vc_column_text][\/vc_column][\/vc_row]\n<\/div>","protected":false},"excerpt":{"rendered":"<p>La semana pasada, la C\u00e1mara de Representantes de Texas, dirigida por los republicanos, aprob\u00f3 el proyecto de ley 5. Este programa pretende establecer un plan estatal de desarrollo econ\u00f3mico para mantener la competitividad de Texas en el mercado mundial.<\/p>\n","protected":false},"author":6,"featured_media":1559,"comment_status":"open","ping_status":"open","sticky":false,"template":"","format":"standard","meta":{"_acf_changed":false,"om_disable_all_campaigns":false,"_monsterinsights_skip_tracking":false,"_uf_show_specific_survey":0,"_uf_disable_surveys":false,"footnotes":"","_links_to":"","_links_to_target":""},"categories":[5],"tags":[],"class_list":["post-1624","post","type-post","status-publish","format-standard","has-post-thumbnail","hentry","category-sin-categorizar"],"acf":[],"aioseo_notices":[],"aioseo_head":"\n\t\t<!-- All in One SEO 5.0.1.1 - aioseo.com -->\n\t<meta name=\"robots\" content=\"max-image-preview:large\" \/>\n\t<meta name=\"author\" content=\"Grace\"\/>\n\t<link rel=\"canonical\" href=\"https:\/\/artexas.org\/es\/un-impulso-a-la-competitividad-economica-de-texas\/\" \/>\n\t<meta name=\"generator\" content=\"All in One SEO (AIOSEO) 5.0.1.1\" \/>\n\t\t<meta property=\"og:locale\" content=\"es_ES\" \/>\n\t\t<meta property=\"og:site_name\" content=\"Associated Republicans of Texas\" \/>\n\t\t<meta property=\"og:type\" content=\"article\" \/>\n\t\t<meta property=\"og:title\" content=\"Un impulso a la competitividad econ\u00f3mica de Texas | Associated Republicans of Texas\" \/>\n\t\t<meta property=\"og:url\" content=\"https:\/\/artexas.org\/es\/un-impulso-a-la-competitividad-economica-de-texas\/\" \/>\n\t\t<meta property=\"og:image\" content=\"https:\/\/artexas.org\/wp-content\/uploads\/2023\/05\/art.jpg\" \/>\n\t\t<meta property=\"og:image:secure_url\" content=\"https:\/\/artexas.org\/wp-content\/uploads\/2023\/05\/art.jpg\" \/>\n\t\t<meta property=\"og:image:width\" content=\"1200\" \/>\n\t\t<meta property=\"og:image:height\" content=\"675\" \/>\n\t\t<meta property=\"article:published_time\" content=\"2023-06-27T17:46:56+00:00\" \/>\n\t\t<meta property=\"article:modified_time\" content=\"2023-06-30T21:00:14+00:00\" \/>\n\t\t<meta property=\"article:publisher\" content=\"https:\/\/www.facebook.com\/ARTexas\" \/>\n\t\t<meta name=\"twitter:card\" content=\"summary\" \/>\n\t\t<meta name=\"twitter:site\" content=\"@ARTxPAC\" \/>\n\t\t<meta name=\"twitter:title\" content=\"Un impulso a la competitividad econ\u00f3mica de Texas | Associated Republicans of Texas\" \/>\n\t\t<meta name=\"twitter:creator\" content=\"@ARTxPAC\" \/>\n\t\t<meta name=\"twitter:image\" content=\"https:\/\/artexas.org\/wp-content\/uploads\/2023\/05\/art.jpg\" \/>\n\t\t<script type=\"application\/ld+json\" class=\"aioseo-schema\">\n\t\t\t{\"@context\":\"https:\\\/\\\/schema.org\",\"@graph\":[{\"@type\":\"Article\",\"@id\":\"https:\\\/\\\/artexas.org\\\/es\\\/un-impulso-a-la-competitividad-economica-de-texas\\\/#article\",\"name\":\"Un impulso a la competitividad econ\\u00f3mica de Texas | Associated Republicans of Texas\",\"headline\":\"Un impulso a la competitividad econ\\u00f3mica de Texas\",\"author\":{\"@id\":\"https:\\\/\\\/artexas.org\\\/es\\\/author\\\/graceconvergence\\\/#author\"},\"publisher\":{\"@id\":\"https:\\\/\\\/artexas.org\\\/es\\\/#organization\"},\"image\":{\"@type\":\"ImageObject\",\"url\":\"https:\\\/\\\/artexas.org\\\/wp-content\\\/uploads\\\/2023\\\/06\\\/pasted-image-0-3-1.jpg\",\"width\":1365,\"height\":768},\"datePublished\":\"2023-06-27T17:46:56+00:00\",\"dateModified\":\"2023-06-30T21:00:14+00:00\",\"inLanguage\":\"es-ES\",\"mainEntityOfPage\":{\"@id\":\"https:\\\/\\\/artexas.org\\\/es\\\/un-impulso-a-la-competitividad-economica-de-texas\\\/#webpage\"},\"isPartOf\":{\"@id\":\"https:\\\/\\\/artexas.org\\\/es\\\/un-impulso-a-la-competitividad-economica-de-texas\\\/#webpage\"},\"articleSection\":\"Sin categorizar, Opcional\"},{\"@type\":\"BreadcrumbList\",\"@id\":\"https:\\\/\\\/artexas.org\\\/es\\\/un-impulso-a-la-competitividad-economica-de-texas\\\/#breadcrumblist\",\"itemListElement\":[{\"@type\":\"ListItem\",\"@id\":\"https:\\\/\\\/artexas.org\\\/es\\\/#listItem\",\"position\":1,\"name\":\"Home\",\"item\":\"https:\\\/\\\/artexas.org\\\/es\\\/\",\"nextItem\":{\"@type\":\"ListItem\",\"@id\":\"https:\\\/\\\/artexas.org\\\/es\\\/category\\\/sin-categorizar\\\/#listItem\",\"name\":\"Sin categorizar\"}},{\"@type\":\"ListItem\",\"@id\":\"https:\\\/\\\/artexas.org\\\/es\\\/category\\\/sin-categorizar\\\/#listItem\",\"position\":2,\"name\":\"Sin categorizar\",\"item\":\"https:\\\/\\\/artexas.org\\\/es\\\/category\\\/sin-categorizar\\\/\",\"nextItem\":{\"@type\":\"ListItem\",\"@id\":\"https:\\\/\\\/artexas.org\\\/es\\\/un-impulso-a-la-competitividad-economica-de-texas\\\/#listItem\",\"name\":\"Un impulso a la competitividad econ\\u00f3mica de Texas\"},\"previousItem\":{\"@type\":\"ListItem\",\"@id\":\"https:\\\/\\\/artexas.org\\\/es\\\/#listItem\",\"name\":\"Home\"}},{\"@type\":\"ListItem\",\"@id\":\"https:\\\/\\\/artexas.org\\\/es\\\/un-impulso-a-la-competitividad-economica-de-texas\\\/#listItem\",\"position\":3,\"name\":\"Un impulso a la competitividad econ\\u00f3mica de Texas\",\"previousItem\":{\"@type\":\"ListItem\",\"@id\":\"https:\\\/\\\/artexas.org\\\/es\\\/category\\\/sin-categorizar\\\/#listItem\",\"name\":\"Sin categorizar\"}}]},{\"@type\":\"Organization\",\"@id\":\"https:\\\/\\\/artexas.org\\\/es\\\/#organization\",\"name\":\"Associated Republicans of Texas\",\"url\":\"https:\\\/\\\/artexas.org\\\/es\\\/\",\"logo\":{\"@type\":\"ImageObject\",\"url\":\"https:\\\/\\\/artexas.org\\\/wp-content\\\/uploads\\\/2023\\\/03\\\/cropped-2019-ART-Logo-Horizontal-e1679516739835.png\",\"@id\":\"https:\\\/\\\/artexas.org\\\/es\\\/un-impulso-a-la-competitividad-economica-de-texas\\\/#organizationLogo\",\"width\":109,\"height\":109},\"image\":{\"@id\":\"https:\\\/\\\/artexas.org\\\/es\\\/un-impulso-a-la-competitividad-economica-de-texas\\\/#organizationLogo\"},\"sameAs\":[\"https:\\\/\\\/www.facebook.com\\\/ARTexas\",\"https:\\\/\\\/twitter.com\\\/ARTxPAC\"]},{\"@type\":\"Person\",\"@id\":\"https:\\\/\\\/artexas.org\\\/es\\\/author\\\/graceconvergence\\\/#author\",\"url\":\"https:\\\/\\\/artexas.org\\\/es\\\/author\\\/graceconvergence\\\/\",\"name\":\"Grace\"},{\"@type\":\"WebPage\",\"@id\":\"https:\\\/\\\/artexas.org\\\/es\\\/un-impulso-a-la-competitividad-economica-de-texas\\\/#webpage\",\"url\":\"https:\\\/\\\/artexas.org\\\/es\\\/un-impulso-a-la-competitividad-economica-de-texas\\\/\",\"name\":\"Un impulso a la competitividad econ\\u00f3mica de Texas | Associated Republicans of Texas\",\"inLanguage\":\"es-ES\",\"isPartOf\":{\"@id\":\"https:\\\/\\\/artexas.org\\\/es\\\/#website\"},\"breadcrumb\":{\"@id\":\"https:\\\/\\\/artexas.org\\\/es\\\/un-impulso-a-la-competitividad-economica-de-texas\\\/#breadcrumblist\"},\"author\":{\"@id\":\"https:\\\/\\\/artexas.org\\\/es\\\/author\\\/graceconvergence\\\/#author\"},\"creator\":{\"@id\":\"https:\\\/\\\/artexas.org\\\/es\\\/author\\\/graceconvergence\\\/#author\"},\"image\":{\"@type\":\"ImageObject\",\"url\":\"https:\\\/\\\/artexas.org\\\/wp-content\\\/uploads\\\/2023\\\/06\\\/pasted-image-0-3-1.jpg\",\"@id\":\"https:\\\/\\\/artexas.org\\\/es\\\/un-impulso-a-la-competitividad-economica-de-texas\\\/#mainImage\",\"width\":1365,\"height\":768},\"primaryImageOfPage\":{\"@id\":\"https:\\\/\\\/artexas.org\\\/es\\\/un-impulso-a-la-competitividad-economica-de-texas\\\/#mainImage\"},\"datePublished\":\"2023-06-27T17:46:56+00:00\",\"dateModified\":\"2023-06-30T21:00:14+00:00\"},{\"@type\":\"WebSite\",\"@id\":\"https:\\\/\\\/artexas.org\\\/es\\\/#website\",\"url\":\"https:\\\/\\\/artexas.org\\\/es\\\/\",\"name\":\"Associated Republicans of Texas\",\"inLanguage\":\"es-ES\",\"publisher\":{\"@id\":\"https:\\\/\\\/artexas.org\\\/es\\\/#organization\"}}]}\n\t\t<\/script>\n\t\t<!-- All in One SEO -->\n\n","aioseo_head_json":{"title":"Un impulso a la competitividad econ\u00f3mica de Texas | Associated Republicans of Texas","description":"","canonical_url":"https:\/\/artexas.org\/es\/un-impulso-a-la-competitividad-economica-de-texas\/","robots":"max-image-preview:large","keywords":"","webmasterTools":{"miscellaneous":""},"schema":{"@context":"https:\/\/schema.org","@graph":[{"@type":"Article","@id":"https:\/\/artexas.org\/es\/un-impulso-a-la-competitividad-economica-de-texas\/#article","name":"Un impulso a la competitividad econ\u00f3mica de Texas | Associated Republicans of Texas","headline":"Un impulso a la competitividad econ\u00f3mica de Texas","author":{"@id":"https:\/\/artexas.org\/es\/author\/graceconvergence\/#author"},"publisher":{"@id":"https:\/\/artexas.org\/es\/#organization"},"image":{"@type":"ImageObject","url":"https:\/\/artexas.org\/wp-content\/uploads\/2023\/06\/pasted-image-0-3-1.jpg","width":1365,"height":768},"datePublished":"2023-06-27T17:46:56+00:00","dateModified":"2023-06-30T21:00:14+00:00","inLanguage":"es-ES","mainEntityOfPage":{"@id":"https:\/\/artexas.org\/es\/un-impulso-a-la-competitividad-economica-de-texas\/#webpage"},"isPartOf":{"@id":"https:\/\/artexas.org\/es\/un-impulso-a-la-competitividad-economica-de-texas\/#webpage"},"articleSection":"Sin categorizar, Opcional"},{"@type":"BreadcrumbList","@id":"https:\/\/artexas.org\/es\/un-impulso-a-la-competitividad-economica-de-texas\/#breadcrumblist","itemListElement":[{"@type":"ListItem","@id":"https:\/\/artexas.org\/es\/#listItem","position":1,"name":"Home","item":"https:\/\/artexas.org\/es\/","nextItem":{"@type":"ListItem","@id":"https:\/\/artexas.org\/es\/category\/sin-categorizar\/#listItem","name":"Sin categorizar"}},{"@type":"ListItem","@id":"https:\/\/artexas.org\/es\/category\/sin-categorizar\/#listItem","position":2,"name":"Sin categorizar","item":"https:\/\/artexas.org\/es\/category\/sin-categorizar\/","nextItem":{"@type":"ListItem","@id":"https:\/\/artexas.org\/es\/un-impulso-a-la-competitividad-economica-de-texas\/#listItem","name":"Un impulso a la competitividad econ\u00f3mica de Texas"},"previousItem":{"@type":"ListItem","@id":"https:\/\/artexas.org\/es\/#listItem","name":"Home"}},{"@type":"ListItem","@id":"https:\/\/artexas.org\/es\/un-impulso-a-la-competitividad-economica-de-texas\/#listItem","position":3,"name":"Un impulso a la competitividad econ\u00f3mica de Texas","previousItem":{"@type":"ListItem","@id":"https:\/\/artexas.org\/es\/category\/sin-categorizar\/#listItem","name":"Sin categorizar"}}]},{"@type":"Organization","@id":"https:\/\/artexas.org\/es\/#organization","name":"Associated Republicans of Texas","url":"https:\/\/artexas.org\/es\/","logo":{"@type":"ImageObject","url":"https:\/\/artexas.org\/wp-content\/uploads\/2023\/03\/cropped-2019-ART-Logo-Horizontal-e1679516739835.png","@id":"https:\/\/artexas.org\/es\/un-impulso-a-la-competitividad-economica-de-texas\/#organizationLogo","width":109,"height":109},"image":{"@id":"https:\/\/artexas.org\/es\/un-impulso-a-la-competitividad-economica-de-texas\/#organizationLogo"},"sameAs":["https:\/\/www.facebook.com\/ARTexas","https:\/\/twitter.com\/ARTxPAC"]},{"@type":"Person","@id":"https:\/\/artexas.org\/es\/author\/graceconvergence\/#author","url":"https:\/\/artexas.org\/es\/author\/graceconvergence\/","name":"Grace"},{"@type":"WebPage","@id":"https:\/\/artexas.org\/es\/un-impulso-a-la-competitividad-economica-de-texas\/#webpage","url":"https:\/\/artexas.org\/es\/un-impulso-a-la-competitividad-economica-de-texas\/","name":"Un impulso a la competitividad econ\u00f3mica de Texas | Associated Republicans of Texas","inLanguage":"es-ES","isPartOf":{"@id":"https:\/\/artexas.org\/es\/#website"},"breadcrumb":{"@id":"https:\/\/artexas.org\/es\/un-impulso-a-la-competitividad-economica-de-texas\/#breadcrumblist"},"author":{"@id":"https:\/\/artexas.org\/es\/author\/graceconvergence\/#author"},"creator":{"@id":"https:\/\/artexas.org\/es\/author\/graceconvergence\/#author"},"image":{"@type":"ImageObject","url":"https:\/\/artexas.org\/wp-content\/uploads\/2023\/06\/pasted-image-0-3-1.jpg","@id":"https:\/\/artexas.org\/es\/un-impulso-a-la-competitividad-economica-de-texas\/#mainImage","width":1365,"height":768},"primaryImageOfPage":{"@id":"https:\/\/artexas.org\/es\/un-impulso-a-la-competitividad-economica-de-texas\/#mainImage"},"datePublished":"2023-06-27T17:46:56+00:00","dateModified":"2023-06-30T21:00:14+00:00"},{"@type":"WebSite","@id":"https:\/\/artexas.org\/es\/#website","url":"https:\/\/artexas.org\/es\/","name":"Associated Republicans of Texas","inLanguage":"es-ES","publisher":{"@id":"https:\/\/artexas.org\/es\/#organization"}}]},"og:locale":"es_ES","og:site_name":"Associated Republicans of Texas","og:type":"article","og:title":"Un impulso a la competitividad econ\u00f3mica de Texas | Associated Republicans of Texas","og:url":"https:\/\/artexas.org\/es\/un-impulso-a-la-competitividad-economica-de-texas\/","og:image":"https:\/\/artexas.org\/wp-content\/uploads\/2023\/05\/art.jpg","og:image:secure_url":"https:\/\/artexas.org\/wp-content\/uploads\/2023\/05\/art.jpg","og:image:width":1200,"og:image:height":675,"article:published_time":"2023-06-27T17:46:56+00:00","article:modified_time":"2023-06-30T21:00:14+00:00","article:publisher":"https:\/\/www.facebook.com\/ARTexas","twitter:card":"summary","twitter:site":"@ARTxPAC","twitter:title":"Un impulso a la competitividad econ\u00f3mica de Texas | Associated Republicans of Texas","twitter:creator":"@ARTxPAC","twitter:image":"https:\/\/artexas.org\/wp-content\/uploads\/2023\/05\/art.jpg"},"aioseo_meta_data":{"post_id":"1624","title":null,"description":null,"keywords":[],"keyphrases":{"focus":{"keyphrase":"","score":0,"analysis":{"keyphraseInTitle":{"score":0,"maxScore":9,"error":1}}},"additional":[]},"primary_term":null,"canonical_url":null,"og_title":null,"og_description":null,"og_object_type":"default","og_image_type":"default","og_image_url":null,"og_image_width":null,"og_image_height":null,"og_image_custom_url":null,"og_image_custom_fields":null,"og_video":"","og_custom_url":null,"og_article_section":null,"og_article_tags":[],"twitter_use_og":false,"twitter_card":"default","twitter_image_type":"default","twitter_image_url":null,"twitter_image_custom_url":null,"twitter_image_custom_fields":null,"twitter_title":null,"twitter_description":null,"schema":{"blockGraphs":[],"customGraphs":[],"default":{"data":{"Article":[],"Course":[],"Dataset":[],"FAQPage":[],"Movie":[],"Person":[],"Product":[],"ProductReview":[],"Car":[],"Recipe":[],"Service":[],"SoftwareApplication":[],"WebPage":[]},"graphName":"","isEnabled":true},"graphs":[]},"schema_type":"default","schema_type_options":null,"pillar_content":false,"robots_default":true,"robots_noindex":false,"robots_noarchive":false,"robots_nosnippet":false,"robots_nofollow":false,"robots_noimageindex":false,"robots_noodp":false,"robots_notranslate":false,"robots_max_snippet":"-1","robots_max_videopreview":"-1","robots_max_imagepreview":"large","priority":null,"frequency":"default","location":null,"local_seo":null,"limit_modified_date":false,"created":"2023-06-30 21:00:14","updated":"2026-08-10 20:45:51","focus_keyword":null,"additional_keywords":null,"truseo_locale":null,"ai":null,"breadcrumb_settings":null,"seo_analyzer_scan_date":null},"aioseo_breadcrumb":"<div class=\"aioseo-breadcrumbs\"><span class=\"aioseo-breadcrumb\">\n\t\t\t<a href=\"https:\/\/artexas.org\/es\/\" title=\"Home\">Home<\/a>\n\t\t<\/span><span class=\"aioseo-breadcrumb-separator\">&raquo;<\/span><span class=\"aioseo-breadcrumb\">\n\t\t\t<a href=\"https:\/\/artexas.org\/es\/category\/sin-categorizar\/\" title=\"Sin categorizar\">Sin categorizar<\/a>\n\t\t<\/span><span class=\"aioseo-breadcrumb-separator\">&raquo;<\/span><span class=\"aioseo-breadcrumb\">\n\t\t\tUn impulso a la competitividad econ\u00f3mica de Texas\n\t\t<\/span><\/div>","aioseo_breadcrumb_json":[{"label":"Home","link":"https:\/\/artexas.org\/es\/"},{"label":"Sin categorizar","link":"https:\/\/artexas.org\/es\/category\/sin-categorizar\/"},{"label":"Un impulso a la competitividad econ\u00f3mica de Texas","link":"https:\/\/artexas.org\/es\/un-impulso-a-la-competitividad-economica-de-texas\/"}],"yoast_head":"<!-- This site is optimized with the Yoast SEO plugin v28.4 - https:\/\/yoast.com\/product\/yoast-seo-wordpress\/ -->\n<title>Un impulso a la competitividad econ\u00f3mica de Texas - Associated Republicans of Texas<\/title>\n<meta name=\"robots\" content=\"index, follow, max-snippet:-1, max-image-preview:large, max-video-preview:-1\" \/>\n<link rel=\"canonical\" href=\"https:\/\/artexas.org\/es\/un-impulso-a-la-competitividad-economica-de-texas\/\" \/>\n<meta property=\"og:locale\" content=\"es_ES\" \/>\n<meta property=\"og:type\" content=\"article\" \/>\n<meta property=\"og:title\" content=\"Un impulso a la competitividad econ\u00f3mica de Texas - Associated Republicans of Texas\" \/>\n<meta property=\"og:description\" content=\"La semana pasada, la C\u00e1mara de Representantes de Texas, dirigida por los republicanos, aprob\u00f3 el proyecto de ley 5. Este programa pretende establecer un plan estatal de desarrollo econ\u00f3mico para mantener la competitividad de Texas en el mercado mundial.\" \/>\n<meta property=\"og:url\" content=\"https:\/\/artexas.org\/es\/un-impulso-a-la-competitividad-economica-de-texas\/\" \/>\n<meta property=\"og:site_name\" content=\"Associated Republicans of Texas\" \/>\n<meta property=\"article:published_time\" content=\"2023-06-27T17:46:56+00:00\" \/>\n<meta property=\"article:modified_time\" content=\"2023-06-30T21:00:14+00:00\" \/>\n<meta property=\"og:image\" content=\"https:\/\/artexas.org\/wp-content\/uploads\/2023\/06\/pasted-image-0-3-1.jpg\" \/>\n\t<meta property=\"og:image:width\" content=\"1365\" \/>\n\t<meta property=\"og:image:height\" content=\"768\" \/>\n\t<meta property=\"og:image:type\" content=\"image\/jpeg\" \/>\n<meta name=\"author\" content=\"Grace\" \/>\n<meta name=\"twitter:card\" content=\"summary_large_image\" \/>\n<meta name=\"twitter:label1\" content=\"Escrito por\" \/>\n\t<meta name=\"twitter:data1\" content=\"Grace\" \/>\n\t<meta name=\"twitter:label2\" content=\"Tiempo de lectura\" \/>\n\t<meta name=\"twitter:data2\" content=\"3 minutos\" \/>\n<script type=\"application\/ld+json\" class=\"yoast-schema-graph\">{\"@context\":\"https:\\\/\\\/schema.org\",\"@graph\":[{\"@type\":\"Article\",\"@id\":\"https:\\\/\\\/artexas.org\\\/es\\\/un-impulso-a-la-competitividad-economica-de-texas\\\/#article\",\"isPartOf\":{\"@id\":\"https:\\\/\\\/artexas.org\\\/es\\\/un-impulso-a-la-competitividad-economica-de-texas\\\/\"},\"author\":{\"name\":\"Grace\",\"@id\":\"https:\\\/\\\/artexas.org\\\/#\\\/schema\\\/person\\\/06cbe347788466f9de8d6f0ddaec0698\"},\"headline\":\"Un impulso a la competitividad econ\u00f3mica de Texas\",\"datePublished\":\"2023-06-27T17:46:56+00:00\",\"dateModified\":\"2023-06-30T21:00:14+00:00\",\"mainEntityOfPage\":{\"@id\":\"https:\\\/\\\/artexas.org\\\/es\\\/un-impulso-a-la-competitividad-economica-de-texas\\\/\"},\"wordCount\":606,\"commentCount\":0,\"publisher\":{\"@id\":\"https:\\\/\\\/artexas.org\\\/#organization\"},\"image\":{\"@id\":\"https:\\\/\\\/artexas.org\\\/es\\\/un-impulso-a-la-competitividad-economica-de-texas\\\/#primaryimage\"},\"thumbnailUrl\":\"https:\\\/\\\/artexas.org\\\/wp-content\\\/uploads\\\/2023\\\/06\\\/pasted-image-0-3-1.jpg\",\"articleSection\":[\"Sin categorizar\"],\"inLanguage\":\"es\",\"potentialAction\":[{\"@type\":\"CommentAction\",\"name\":\"Comment\",\"target\":[\"https:\\\/\\\/artexas.org\\\/es\\\/un-impulso-a-la-competitividad-economica-de-texas\\\/#respond\"]}]},{\"@type\":\"WebPage\",\"@id\":\"https:\\\/\\\/artexas.org\\\/es\\\/un-impulso-a-la-competitividad-economica-de-texas\\\/\",\"url\":\"https:\\\/\\\/artexas.org\\\/es\\\/un-impulso-a-la-competitividad-economica-de-texas\\\/\",\"name\":\"Un impulso a la competitividad econ\u00f3mica de Texas - Associated Republicans of Texas\",\"isPartOf\":{\"@id\":\"https:\\\/\\\/artexas.org\\\/#website\"},\"primaryImageOfPage\":{\"@id\":\"https:\\\/\\\/artexas.org\\\/es\\\/un-impulso-a-la-competitividad-economica-de-texas\\\/#primaryimage\"},\"image\":{\"@id\":\"https:\\\/\\\/artexas.org\\\/es\\\/un-impulso-a-la-competitividad-economica-de-texas\\\/#primaryimage\"},\"thumbnailUrl\":\"https:\\\/\\\/artexas.org\\\/wp-content\\\/uploads\\\/2023\\\/06\\\/pasted-image-0-3-1.jpg\",\"datePublished\":\"2023-06-27T17:46:56+00:00\",\"dateModified\":\"2023-06-30T21:00:14+00:00\",\"breadcrumb\":{\"@id\":\"https:\\\/\\\/artexas.org\\\/es\\\/un-impulso-a-la-competitividad-economica-de-texas\\\/#breadcrumb\"},\"inLanguage\":\"es\",\"potentialAction\":[{\"@type\":\"ReadAction\",\"target\":[\"https:\\\/\\\/artexas.org\\\/es\\\/un-impulso-a-la-competitividad-economica-de-texas\\\/\"]}]},{\"@type\":\"ImageObject\",\"inLanguage\":\"es\",\"@id\":\"https:\\\/\\\/artexas.org\\\/es\\\/un-impulso-a-la-competitividad-economica-de-texas\\\/#primaryimage\",\"url\":\"https:\\\/\\\/artexas.org\\\/wp-content\\\/uploads\\\/2023\\\/06\\\/pasted-image-0-3-1.jpg\",\"contentUrl\":\"https:\\\/\\\/artexas.org\\\/wp-content\\\/uploads\\\/2023\\\/06\\\/pasted-image-0-3-1.jpg\",\"width\":1365,\"height\":768},{\"@type\":\"BreadcrumbList\",\"@id\":\"https:\\\/\\\/artexas.org\\\/es\\\/un-impulso-a-la-competitividad-economica-de-texas\\\/#breadcrumb\",\"itemListElement\":[{\"@type\":\"ListItem\",\"position\":1,\"name\":\"Home\",\"item\":\"https:\\\/\\\/artexas.org\\\/es\\\/\"},{\"@type\":\"ListItem\",\"position\":2,\"name\":\"Un impulso a la competitividad econ\u00f3mica de Texas\"}]},{\"@type\":\"WebSite\",\"@id\":\"https:\\\/\\\/artexas.org\\\/#website\",\"url\":\"https:\\\/\\\/artexas.org\\\/\",\"name\":\"Associated Republicans of Texas\",\"description\":\"\",\"publisher\":{\"@id\":\"https:\\\/\\\/artexas.org\\\/#organization\"},\"potentialAction\":[{\"@type\":\"SearchAction\",\"target\":{\"@type\":\"EntryPoint\",\"urlTemplate\":\"https:\\\/\\\/artexas.org\\\/?s={search_term_string}\"},\"query-input\":{\"@type\":\"PropertyValueSpecification\",\"valueRequired\":true,\"valueName\":\"search_term_string\"}}],\"inLanguage\":\"es\"},{\"@type\":\"Organization\",\"@id\":\"https:\\\/\\\/artexas.org\\\/#organization\",\"name\":\"Associated Republicans of Texas\",\"url\":\"https:\\\/\\\/artexas.org\\\/\",\"logo\":{\"@type\":\"ImageObject\",\"inLanguage\":\"es\",\"@id\":\"https:\\\/\\\/artexas.org\\\/#\\\/schema\\\/logo\\\/image\\\/\",\"url\":\"https:\\\/\\\/artexas.org\\\/wp-content\\\/uploads\\\/2023\\\/03\\\/cropped-2019-ART-Logo-Horizontal-e1679516739835.png\",\"contentUrl\":\"https:\\\/\\\/artexas.org\\\/wp-content\\\/uploads\\\/2023\\\/03\\\/cropped-2019-ART-Logo-Horizontal-e1679516739835.png\",\"width\":109,\"height\":109,\"caption\":\"Associated Republicans of Texas\"},\"image\":{\"@id\":\"https:\\\/\\\/artexas.org\\\/#\\\/schema\\\/logo\\\/image\\\/\"}},{\"@type\":\"Person\",\"@id\":\"https:\\\/\\\/artexas.org\\\/#\\\/schema\\\/person\\\/06cbe347788466f9de8d6f0ddaec0698\",\"name\":\"Grace\",\"url\":\"https:\\\/\\\/artexas.org\\\/es\\\/author\\\/graceconvergence\\\/\"}]}<\/script>\n<!-- \/ Yoast SEO plugin. -->","yoast_head_json":{"title":"Un impulso a la competitividad econ\u00f3mica de Texas - Associated Republicans of Texas","robots":{"index":"index","follow":"follow","max-snippet":"max-snippet:-1","max-image-preview":"max-image-preview:large","max-video-preview":"max-video-preview:-1"},"canonical":"https:\/\/artexas.org\/es\/un-impulso-a-la-competitividad-economica-de-texas\/","og_locale":"es_ES","og_type":"article","og_title":"Un impulso a la competitividad econ\u00f3mica de Texas - Associated Republicans of Texas","og_description":"La semana pasada, la C\u00e1mara de Representantes de Texas, dirigida por los republicanos, aprob\u00f3 el proyecto de ley 5. Este programa pretende establecer un plan estatal de desarrollo econ\u00f3mico para mantener la competitividad de Texas en el mercado mundial.","og_url":"https:\/\/artexas.org\/es\/un-impulso-a-la-competitividad-economica-de-texas\/","og_site_name":"Associated Republicans of Texas","article_published_time":"2023-06-27T17:46:56+00:00","article_modified_time":"2023-06-30T21:00:14+00:00","og_image":[{"width":1365,"height":768,"url":"https:\/\/artexas.org\/wp-content\/uploads\/2023\/06\/pasted-image-0-3-1.jpg","type":"image\/jpeg"}],"author":"Grace","twitter_card":"summary_large_image","twitter_misc":{"Escrito por":"Grace","Tiempo de lectura":"3 minutos"},"schema":{"@context":"https:\/\/schema.org","@graph":[{"@type":"Article","@id":"https:\/\/artexas.org\/es\/un-impulso-a-la-competitividad-economica-de-texas\/#article","isPartOf":{"@id":"https:\/\/artexas.org\/es\/un-impulso-a-la-competitividad-economica-de-texas\/"},"author":{"name":"Grace","@id":"https:\/\/artexas.org\/#\/schema\/person\/06cbe347788466f9de8d6f0ddaec0698"},"headline":"Un impulso a la competitividad econ\u00f3mica de Texas","datePublished":"2023-06-27T17:46:56+00:00","dateModified":"2023-06-30T21:00:14+00:00","mainEntityOfPage":{"@id":"https:\/\/artexas.org\/es\/un-impulso-a-la-competitividad-economica-de-texas\/"},"wordCount":606,"commentCount":0,"publisher":{"@id":"https:\/\/artexas.org\/#organization"},"image":{"@id":"https:\/\/artexas.org\/es\/un-impulso-a-la-competitividad-economica-de-texas\/#primaryimage"},"thumbnailUrl":"https:\/\/artexas.org\/wp-content\/uploads\/2023\/06\/pasted-image-0-3-1.jpg","articleSection":["Sin categorizar"],"inLanguage":"es","potentialAction":[{"@type":"CommentAction","name":"Comment","target":["https:\/\/artexas.org\/es\/un-impulso-a-la-competitividad-economica-de-texas\/#respond"]}]},{"@type":"WebPage","@id":"https:\/\/artexas.org\/es\/un-impulso-a-la-competitividad-economica-de-texas\/","url":"https:\/\/artexas.org\/es\/un-impulso-a-la-competitividad-economica-de-texas\/","name":"Un impulso a la competitividad econ\u00f3mica de Texas - Associated Republicans of Texas","isPartOf":{"@id":"https:\/\/artexas.org\/#website"},"primaryImageOfPage":{"@id":"https:\/\/artexas.org\/es\/un-impulso-a-la-competitividad-economica-de-texas\/#primaryimage"},"image":{"@id":"https:\/\/artexas.org\/es\/un-impulso-a-la-competitividad-economica-de-texas\/#primaryimage"},"thumbnailUrl":"https:\/\/artexas.org\/wp-content\/uploads\/2023\/06\/pasted-image-0-3-1.jpg","datePublished":"2023-06-27T17:46:56+00:00","dateModified":"2023-06-30T21:00:14+00:00","breadcrumb":{"@id":"https:\/\/artexas.org\/es\/un-impulso-a-la-competitividad-economica-de-texas\/#breadcrumb"},"inLanguage":"es","potentialAction":[{"@type":"ReadAction","target":["https:\/\/artexas.org\/es\/un-impulso-a-la-competitividad-economica-de-texas\/"]}]},{"@type":"ImageObject","inLanguage":"es","@id":"https:\/\/artexas.org\/es\/un-impulso-a-la-competitividad-economica-de-texas\/#primaryimage","url":"https:\/\/artexas.org\/wp-content\/uploads\/2023\/06\/pasted-image-0-3-1.jpg","contentUrl":"https:\/\/artexas.org\/wp-content\/uploads\/2023\/06\/pasted-image-0-3-1.jpg","width":1365,"height":768},{"@type":"BreadcrumbList","@id":"https:\/\/artexas.org\/es\/un-impulso-a-la-competitividad-economica-de-texas\/#breadcrumb","itemListElement":[{"@type":"ListItem","position":1,"name":"Home","item":"https:\/\/artexas.org\/es\/"},{"@type":"ListItem","position":2,"name":"Un impulso a la competitividad econ\u00f3mica de Texas"}]},{"@type":"WebSite","@id":"https:\/\/artexas.org\/#website","url":"https:\/\/artexas.org\/","name":"Associated Republicans of Texas","description":"","publisher":{"@id":"https:\/\/artexas.org\/#organization"},"potentialAction":[{"@type":"SearchAction","target":{"@type":"EntryPoint","urlTemplate":"https:\/\/artexas.org\/?s={search_term_string}"},"query-input":{"@type":"PropertyValueSpecification","valueRequired":true,"valueName":"search_term_string"}}],"inLanguage":"es"},{"@type":"Organization","@id":"https:\/\/artexas.org\/#organization","name":"Associated Republicans of Texas","url":"https:\/\/artexas.org\/","logo":{"@type":"ImageObject","inLanguage":"es","@id":"https:\/\/artexas.org\/#\/schema\/logo\/image\/","url":"https:\/\/artexas.org\/wp-content\/uploads\/2023\/03\/cropped-2019-ART-Logo-Horizontal-e1679516739835.png","contentUrl":"https:\/\/artexas.org\/wp-content\/uploads\/2023\/03\/cropped-2019-ART-Logo-Horizontal-e1679516739835.png","width":109,"height":109,"caption":"Associated Republicans of Texas"},"image":{"@id":"https:\/\/artexas.org\/#\/schema\/logo\/image\/"}},{"@type":"Person","@id":"https:\/\/artexas.org\/#\/schema\/person\/06cbe347788466f9de8d6f0ddaec0698","name":"Grace","url":"https:\/\/artexas.org\/es\/author\/graceconvergence\/"}]}},"_links":{"self":[{"href":"https:\/\/artexas.org\/es\/wp-json\/wp\/v2\/posts\/1624","targetHints":{"allow":["GET"]}}],"collection":[{"href":"https:\/\/artexas.org\/es\/wp-json\/wp\/v2\/posts"}],"about":[{"href":"https:\/\/artexas.org\/es\/wp-json\/wp\/v2\/types\/post"}],"author":[{"embeddable":true,"href":"https:\/\/artexas.org\/es\/wp-json\/wp\/v2\/users\/6"}],"replies":[{"embeddable":true,"href":"https:\/\/artexas.org\/es\/wp-json\/wp\/v2\/comments?post=1624"}],"version-history":[{"count":0,"href":"https:\/\/artexas.org\/es\/wp-json\/wp\/v2\/posts\/1624\/revisions"}],"wp:featuredmedia":[{"embeddable":true,"href":"https:\/\/artexas.org\/es\/wp-json\/wp\/v2\/media\/1559"}],"wp:attachment":[{"href":"https:\/\/artexas.org\/es\/wp-json\/wp\/v2\/media?parent=1624"}],"wp:term":[{"taxonomy":"category","embeddable":true,"href":"https:\/\/artexas.org\/es\/wp-json\/wp\/v2\/categories?post=1624"},{"taxonomy":"post_tag","embeddable":true,"href":"https:\/\/artexas.org\/es\/wp-json\/wp\/v2\/tags?post=1624"}],"curies":[{"name":"wp","href":"https:\/\/api.w.org\/{rel}","templated":true}]}}